{"id":2560,"date":"2023-02-12T12:01:00","date_gmt":"2023-02-12T10:01:00","guid":{"rendered":"https:\/\/old.proquinat.com\/non-classifiee\/presentation-du-nouveau-siege-social-de-proquinat\/"},"modified":"2023-02-23T12:03:59","modified_gmt":"2023-02-23T10:03:59","slug":"presentation-du-nouveau-siege-social-de-proquinat","status":"publish","type":"post","link":"https:\/\/old.proquinat.com\/fr\/informations\/presentation-du-nouveau-siege-social-de-proquinat\/","title":{"rendered":"Pr\u00e9sentation du Nouveau si\u00e8ge social de Proquinat"},"content":{"rendered":"\t\t<div data-elementor-type=\"wp-post\" data-elementor-id=\"2560\" class=\"elementor elementor-2560\" data-elementor-post-type=\"post\">\n\t\t\t\t\t\t<section class=\"elementor-section elementor-top-section elementor-element elementor-element-2c31b1ef elementor-section-boxed elementor-section-height-default elementor-section-height-default\" data-id=\"2c31b1ef\" data-element_type=\"section\">\n\t\t\t\t\t\t<div class=\"elementor-container elementor-column-gap-default\">\n\t\t\t\t\t<div class=\"elementor-column elementor-col-50 elementor-top-column elementor-element elementor-element-1957892e\" data-id=\"1957892e\" data-element_type=\"column\">\n\t\t\t<div class=\"elementor-widget-wrap elementor-element-populated\">\n\t\t\t\t\t\t<div class=\"elementor-element elementor-element-96ef0b7 elementor-widget elementor-widget-heading\" data-id=\"96ef0b7\" data-element_type=\"widget\" data-widget_type=\"heading.default\">\n\t\t\t\t<div class=\"elementor-widget-container\">\n\t\t\t\t\t<h2 class=\"elementor-heading-title elementor-size-default\">Pr\u00e9sentation du Nouveau si\u00e8ge social de Proquinat\n\n<\/h2>\t\t\t\t<\/div>\n\t\t\t\t<\/div>\n\t\t\t\t<div class=\"elementor-element elementor-element-1e8342ef elementor-widget elementor-widget-text-editor\" data-id=\"1e8342ef\" data-element_type=\"widget\" data-widget_type=\"text-editor.default\">\n\t\t\t\t<div class=\"elementor-widget-container\">\n\t\t\t\t\t\t\t\t\t<p>\u00a0<\/p><p style=\"font-weight: 400;\">En f\u00e9vrier 2022, nous avons investi dans l\u00b4achat d\u00b4un site industriel de 4.200m2 \u00e0 \u00d2rrius (Barcelone) qui abrite nos bureaux, l\u00b4usine de production ainsi qu\u00b4un grand espace de stockage pour r\u00e9pondre de mani\u00e8re efficace aux demandes de nos clients.<\/p><p style=\"font-weight: 400;\">Cette expansion n\u00b4aurait \u00e9t\u00e9 possible sans le soutien de nos fournisseurs, clients et partenaires commerciaux que nous tenons \u00e0 remercier pour leur confiance renouvel\u00e9e au cours de ces 27 derni\u00e8res ann\u00e9es.<\/p><p style=\"font-weight: 400;\">Notre \u00e9quipe d\u00e9di\u00e9e s\u00b4efforce chaque jour afin de mieux vous servir.<\/p>\t\t\t\t\t\t\t\t<\/div>\n\t\t\t\t<\/div>\n\t\t\t\t<div class=\"elementor-element elementor-element-a1a9da7 elementor-widget elementor-widget-google_maps\" data-id=\"a1a9da7\" data-element_type=\"widget\" data-widget_type=\"google_maps.default\">\n\t\t\t\t<div class=\"elementor-widget-container\">\n\t\t\t\t\t\t\t<div class=\"elementor-custom-embed\">\n\t\t\t<iframe loading=\"lazy\"\n\t\t\t\t\tsrc=\"https:\/\/maps.google.com\/maps?q=proquinat&#038;t=m&#038;z=11&#038;output=embed&#038;iwloc=near\"\n\t\t\t\t\ttitle=\"proquinat\"\n\t\t\t\t\taria-label=\"proquinat\"\n\t\t\t><\/iframe>\n\t\t<\/div>\n\t\t\t\t\t\t<\/div>\n\t\t\t\t<\/div>\n\t\t\t\t<div class=\"elementor-element elementor-element-2ce9a5b elementor-share-buttons--view-icon elementor-share-buttons--skin-boxed elementor-share-buttons--shape-circle elementor-share-buttons--color-custom elementor-grid-0 elementor-widget elementor-widget-share-buttons\" data-id=\"2ce9a5b\" data-element_type=\"widget\" data-widget_type=\"share-buttons.default\">\n\t\t\t\t<div class=\"elementor-widget-container\">\n\t\t\t\t\t\t\t<div class=\"elementor-grid\" role=\"list\">\n\t\t\t\t\t\t\t\t<div class=\"elementor-grid-item\" role=\"listitem\">\n\t\t\t\t\t\t<div class=\"elementor-share-btn elementor-share-btn_facebook\" role=\"button\" tabindex=\"0\" aria-label=\"Partager sur facebook\">\n\t\t\t\t\t\t\t\t\t\t\t\t\t\t\t<span class=\"elementor-share-btn__icon\">\n\t\t\t\t\t\t\t\t<i class=\"fab fa-facebook\" aria-hidden=\"true\"><\/i>\t\t\t\t\t\t\t<\/span>\n\t\t\t\t\t\t\t\t\t\t\t\t\t\t\t\t\t\t\t\t<\/div>\n\t\t\t\t\t<\/div>\n\t\t\t\t\t\t\t\t\t<div class=\"elementor-grid-item\" role=\"listitem\">\n\t\t\t\t\t\t<div class=\"elementor-share-btn elementor-share-btn_twitter\" role=\"button\" tabindex=\"0\" aria-label=\"Partager sur twitter\">\n\t\t\t\t\t\t\t\t\t\t\t\t\t\t\t<span class=\"elementor-share-btn__icon\">\n\t\t\t\t\t\t\t\t<i class=\"fab fa-twitter\" aria-hidden=\"true\"><\/i>\t\t\t\t\t\t\t<\/span>\n\t\t\t\t\t\t\t\t\t\t\t\t\t\t\t\t\t\t\t\t<\/div>\n\t\t\t\t\t<\/div>\n\t\t\t\t\t\t\t\t\t<div class=\"elementor-grid-item\" role=\"listitem\">\n\t\t\t\t\t\t<div class=\"elementor-share-btn elementor-share-btn_linkedin\" role=\"button\" tabindex=\"0\" aria-label=\"Partager sur linkedin\">\n\t\t\t\t\t\t\t\t\t\t\t\t\t\t\t<span class=\"elementor-share-btn__icon\">\n\t\t\t\t\t\t\t\t<i class=\"fab fa-linkedin\" aria-hidden=\"true\"><\/i>\t\t\t\t\t\t\t<\/span>\n\t\t\t\t\t\t\t\t\t\t\t\t\t\t\t\t\t\t\t\t<\/div>\n\t\t\t\t\t<\/div>\n\t\t\t\t\t\t<\/div>\n\t\t\t\t\t\t<\/div>\n\t\t\t\t<\/div>\n\t\t\t\t\t<\/div>\n\t\t<\/div>\n\t\t\t\t<div class=\"elementor-column elementor-col-50 elementor-top-column elementor-element elementor-element-6a40de14\" data-id=\"6a40de14\" data-element_type=\"column\">\n\t\t\t<div class=\"elementor-widget-wrap elementor-element-populated\">\n\t\t\t\t\t\t<div class=\"elementor-element elementor-element-2ba18da2 elementor-widget elementor-widget-image\" data-id=\"2ba18da2\" data-element_type=\"widget\" data-widget_type=\"image.default\">\n\t\t\t\t<div class=\"elementor-widget-container\">\n\t\t\t\t\t\t\t\t\t\t\t\t\t\t\t<img fetchpriority=\"high\" decoding=\"async\" width=\"768\" height=\"1024\" src=\"https:\/\/old.proquinat.com\/wp-content\/uploads\/2023\/02\/Fabrica-Proquinat-768x1024.jpg\" class=\"attachment-medium_large size-medium_large wp-image-2267\" alt=\"\" srcset=\"https:\/\/old.proquinat.com\/wp-content\/uploads\/2023\/02\/Fabrica-Proquinat-768x1024.jpg 768w, https:\/\/old.proquinat.com\/wp-content\/uploads\/2023\/02\/Fabrica-Proquinat-225x300.jpg 225w, https:\/\/old.proquinat.com\/wp-content\/uploads\/2023\/02\/Fabrica-Proquinat-1152x1536.jpg 1152w, https:\/\/old.proquinat.com\/wp-content\/uploads\/2023\/02\/Fabrica-Proquinat-1536x2048.jpg 1536w, https:\/\/old.proquinat.com\/wp-content\/uploads\/2023\/02\/Fabrica-Proquinat-scaled.jpg 1920w\" sizes=\"(max-width: 768px) 100vw, 768px\" \/>\t\t\t\t\t\t\t\t\t\t\t\t\t\t\t<\/div>\n\t\t\t\t<\/div>\n\t\t\t\t\t<\/div>\n\t\t<\/div>\n\t\t\t\t\t<\/div>\n\t\t<\/section>\n\t\t\t\t<\/div>\n\t\t","protected":false},"excerpt":{"rendered":"<p>Pr\u00e9sentation du Nouveau si\u00e8ge social de Proquinat \u00a0 En f\u00e9vrier 2022, nous avons investi dans l\u00b4achat d\u00b4un site industriel de 4.200m2 \u00e0 \u00d2rrius (Barcelone) qui abrite nos bureaux, l\u00b4usine de production ainsi qu\u00b4un grand espace de stockage pour r\u00e9pondre de mani\u00e8re efficace aux demandes de nos clients. Cette expansion n\u00b4aurait \u00e9t\u00e9 possible sans le soutien [&hellip;]<\/p>\n","protected":false},"author":2,"featured_media":2322,"comment_status":"open","ping_status":"open","sticky":false,"template":"elementor_header_footer","format":"standard","meta":{"content-type":"","om_disable_all_campaigns":false,"_monsterinsights_skip_tracking":false,"_monsterinsights_sitenote_active":false,"_monsterinsights_sitenote_note":"","_monsterinsights_sitenote_category":0,"_uf_show_specific_survey":0,"_uf_disable_surveys":false,"footnotes":""},"categories":[35],"tags":[],"class_list":["post-2560","post","type-post","status-publish","format-standard","has-post-thumbnail","hentry","category-informations"],"yoast_head":"<!-- This site is optimized with the Yoast SEO plugin v26.1.1 - https:\/\/yoast.com\/wordpress\/plugins\/seo\/ -->\n<title>Proquinat Pr\u00e9sente son Nouveau Si\u00e8ge Social Moderne<\/title>\n<meta name=\"description\" content=\"Proquinat augmente sa capacit\u00e9 avec un nouveau si\u00e8ge de 4 200 m\u00b2 \u00e0 \u00d2rrius (Barcelone).\" \/>\n<meta name=\"robots\" content=\"noindex, follow, max-snippet:-1, max-image-preview:large, max-video-preview:-1\" \/>\n<meta property=\"og:locale\" content=\"fr_FR\" \/>\n<meta property=\"og:type\" content=\"article\" \/>\n<meta property=\"og:title\" content=\"Proquinat Pr\u00e9sente son Nouveau Si\u00e8ge Social Moderne\" \/>\n<meta property=\"og:description\" content=\"Proquinat augmente sa capacit\u00e9 avec un nouveau si\u00e8ge de 4 200 m\u00b2 \u00e0 \u00d2rrius (Barcelone).\" \/>\n<meta property=\"og:url\" content=\"https:\/\/old.proquinat.com\/fr\/informations\/presentation-du-nouveau-siege-social-de-proquinat\/\" \/>\n<meta property=\"og:site_name\" content=\"Proquinat\" \/>\n<meta property=\"article:published_time\" content=\"2023-02-12T10:01:00+00:00\" \/>\n<meta property=\"article:modified_time\" content=\"2023-02-23T10:03:59+00:00\" \/>\n<meta property=\"og:image\" content=\"https:\/\/old.proquinat.com\/wp-content\/uploads\/2023\/02\/Entrada-Fabrica-Proquinat-Orrius-exterior-scaled.jpg\" \/>\n\t<meta property=\"og:image:width\" content=\"2560\" \/>\n\t<meta property=\"og:image:height\" content=\"2355\" \/>\n\t<meta property=\"og:image:type\" content=\"image\/jpeg\" \/>\n<meta name=\"author\" content=\"Proquinat\" \/>\n<meta name=\"twitter:card\" content=\"summary_large_image\" \/>\n<meta name=\"twitter:label1\" content=\"\u00c9crit par\" \/>\n\t<meta name=\"twitter:data1\" content=\"Proquinat\" \/>\n\t<meta name=\"twitter:label2\" content=\"Dur\u00e9e de lecture estim\u00e9e\" \/>\n\t<meta name=\"twitter:data2\" content=\"1 minute\" \/>\n<script type=\"application\/ld+json\" class=\"yoast-schema-graph\">{\"@context\":\"https:\/\/schema.org\",\"@graph\":[{\"@type\":\"Article\",\"@id\":\"https:\/\/old.proquinat.com\/fr\/informations\/presentation-du-nouveau-siege-social-de-proquinat\/#article\",\"isPartOf\":{\"@id\":\"https:\/\/old.proquinat.com\/fr\/informations\/presentation-du-nouveau-siege-social-de-proquinat\/\"},\"author\":{\"name\":\"Proquinat\",\"@id\":\"https:\/\/old.proquinat.com\/#\/schema\/person\/a4167827fc61f6e1ef059624262f2568\"},\"headline\":\"Pr\u00e9sentation du Nouveau si\u00e8ge social de Proquinat\",\"datePublished\":\"2023-02-12T10:01:00+00:00\",\"dateModified\":\"2023-02-23T10:03:59+00:00\",\"mainEntityOfPage\":{\"@id\":\"https:\/\/old.proquinat.com\/fr\/informations\/presentation-du-nouveau-siege-social-de-proquinat\/\"},\"wordCount\":109,\"commentCount\":0,\"publisher\":{\"@id\":\"https:\/\/old.proquinat.com\/#organization\"},\"image\":{\"@id\":\"https:\/\/old.proquinat.com\/fr\/informations\/presentation-du-nouveau-siege-social-de-proquinat\/#primaryimage\"},\"thumbnailUrl\":\"https:\/\/old.proquinat.com\/wp-content\/uploads\/2023\/02\/Entrada-Fabrica-Proquinat-Orrius-exterior-scaled.jpg\",\"articleSection\":[\"Informations\"],\"inLanguage\":\"fr-FR\",\"potentialAction\":[{\"@type\":\"CommentAction\",\"name\":\"Comment\",\"target\":[\"https:\/\/old.proquinat.com\/fr\/informations\/presentation-du-nouveau-siege-social-de-proquinat\/#respond\"]}]},{\"@type\":\"WebPage\",\"@id\":\"https:\/\/old.proquinat.com\/fr\/informations\/presentation-du-nouveau-siege-social-de-proquinat\/\",\"url\":\"https:\/\/old.proquinat.com\/fr\/informations\/presentation-du-nouveau-siege-social-de-proquinat\/\",\"name\":\"Proquinat Pr\u00e9sente son Nouveau Si\u00e8ge Social Moderne\",\"isPartOf\":{\"@id\":\"https:\/\/old.proquinat.com\/#website\"},\"primaryImageOfPage\":{\"@id\":\"https:\/\/old.proquinat.com\/fr\/informations\/presentation-du-nouveau-siege-social-de-proquinat\/#primaryimage\"},\"image\":{\"@id\":\"https:\/\/old.proquinat.com\/fr\/informations\/presentation-du-nouveau-siege-social-de-proquinat\/#primaryimage\"},\"thumbnailUrl\":\"https:\/\/old.proquinat.com\/wp-content\/uploads\/2023\/02\/Entrada-Fabrica-Proquinat-Orrius-exterior-scaled.jpg\",\"datePublished\":\"2023-02-12T10:01:00+00:00\",\"dateModified\":\"2023-02-23T10:03:59+00:00\",\"description\":\"Proquinat augmente sa capacit\u00e9 avec un nouveau si\u00e8ge de 4 200 m\u00b2 \u00e0 \u00d2rrius (Barcelone).\",\"breadcrumb\":{\"@id\":\"https:\/\/old.proquinat.com\/fr\/informations\/presentation-du-nouveau-siege-social-de-proquinat\/#breadcrumb\"},\"inLanguage\":\"fr-FR\",\"potentialAction\":[{\"@type\":\"ReadAction\",\"target\":[\"https:\/\/old.proquinat.com\/fr\/informations\/presentation-du-nouveau-siege-social-de-proquinat\/\"]}]},{\"@type\":\"ImageObject\",\"inLanguage\":\"fr-FR\",\"@id\":\"https:\/\/old.proquinat.com\/fr\/informations\/presentation-du-nouveau-siege-social-de-proquinat\/#primaryimage\",\"url\":\"https:\/\/old.proquinat.com\/wp-content\/uploads\/2023\/02\/Entrada-Fabrica-Proquinat-Orrius-exterior-scaled.jpg\",\"contentUrl\":\"https:\/\/old.proquinat.com\/wp-content\/uploads\/2023\/02\/Entrada-Fabrica-Proquinat-Orrius-exterior-scaled.jpg\",\"width\":2560,\"height\":2355},{\"@type\":\"BreadcrumbList\",\"@id\":\"https:\/\/old.proquinat.com\/fr\/informations\/presentation-du-nouveau-siege-social-de-proquinat\/#breadcrumb\",\"itemListElement\":[{\"@type\":\"ListItem\",\"position\":1,\"name\":\"Portada\",\"item\":\"https:\/\/old.proquinat.com\/fr\/\"},{\"@type\":\"ListItem\",\"position\":2,\"name\":\"Pr\u00e9sentation du Nouveau si\u00e8ge social de Proquinat\"}]},{\"@type\":\"WebSite\",\"@id\":\"https:\/\/old.proquinat.com\/#website\",\"url\":\"https:\/\/old.proquinat.com\/\",\"name\":\"Proquinat\",\"description\":\"Distribuidor de productes quimics naturals, fabricante de toda clase de ceras y parafinas\",\"publisher\":{\"@id\":\"https:\/\/old.proquinat.com\/#organization\"},\"potentialAction\":[{\"@type\":\"SearchAction\",\"target\":{\"@type\":\"EntryPoint\",\"urlTemplate\":\"https:\/\/old.proquinat.com\/?s={search_term_string}\"},\"query-input\":{\"@type\":\"PropertyValueSpecification\",\"valueRequired\":true,\"valueName\":\"search_term_string\"}}],\"inLanguage\":\"fr-FR\"},{\"@type\":\"Organization\",\"@id\":\"https:\/\/old.proquinat.com\/#organization\",\"name\":\"Productes Qu\u00edmics Naturals SL\",\"alternateName\":\"Proquinat\",\"url\":\"https:\/\/old.proquinat.com\/\",\"logo\":{\"@type\":\"ImageObject\",\"inLanguage\":\"fr-FR\",\"@id\":\"https:\/\/old.proquinat.com\/#\/schema\/logo\/image\/\",\"url\":\"https:\/\/old.proquinat.com\/wp-content\/uploads\/2020\/07\/logo-proquinat-2.png\",\"contentUrl\":\"https:\/\/old.proquinat.com\/wp-content\/uploads\/2020\/07\/logo-proquinat-2.png\",\"width\":408,\"height\":68,\"caption\":\"Productes Qu\u00edmics Naturals SL\"},\"image\":{\"@id\":\"https:\/\/old.proquinat.com\/#\/schema\/logo\/image\/\"}},{\"@type\":\"Person\",\"@id\":\"https:\/\/old.proquinat.com\/#\/schema\/person\/a4167827fc61f6e1ef059624262f2568\",\"name\":\"Proquinat\",\"image\":{\"@type\":\"ImageObject\",\"inLanguage\":\"fr-FR\",\"@id\":\"https:\/\/old.proquinat.com\/#\/schema\/person\/image\/\",\"url\":\"https:\/\/secure.gravatar.com\/avatar\/75bf4590e0901d76b9fa7f5768374e55a8c613a9286f7d885486ed264549c55f?s=96&d=mm&r=g\",\"contentUrl\":\"https:\/\/secure.gravatar.com\/avatar\/75bf4590e0901d76b9fa7f5768374e55a8c613a9286f7d885486ed264549c55f?s=96&d=mm&r=g\",\"caption\":\"Proquinat\"}}]}<\/script>\n<!-- \/ Yoast SEO plugin. -->","yoast_head_json":{"title":"Proquinat Pr\u00e9sente son Nouveau Si\u00e8ge Social Moderne","description":"Proquinat augmente sa capacit\u00e9 avec un nouveau si\u00e8ge de 4 200 m\u00b2 \u00e0 \u00d2rrius (Barcelone).","robots":{"index":"noindex","follow":"follow","max-snippet":"max-snippet:-1","max-image-preview":"max-image-preview:large","max-video-preview":"max-video-preview:-1"},"og_locale":"fr_FR","og_type":"article","og_title":"Proquinat Pr\u00e9sente son Nouveau Si\u00e8ge Social Moderne","og_description":"Proquinat augmente sa capacit\u00e9 avec un nouveau si\u00e8ge de 4 200 m\u00b2 \u00e0 \u00d2rrius (Barcelone).","og_url":"https:\/\/old.proquinat.com\/fr\/informations\/presentation-du-nouveau-siege-social-de-proquinat\/","og_site_name":"Proquinat","article_published_time":"2023-02-12T10:01:00+00:00","article_modified_time":"2023-02-23T10:03:59+00:00","og_image":[{"width":2560,"height":2355,"url":"https:\/\/old.proquinat.com\/wp-content\/uploads\/2023\/02\/Entrada-Fabrica-Proquinat-Orrius-exterior-scaled.jpg","type":"image\/jpeg"}],"author":"Proquinat","twitter_card":"summary_large_image","twitter_misc":{"\u00c9crit par":"Proquinat","Dur\u00e9e de lecture estim\u00e9e":"1 minute"},"schema":{"@context":"https:\/\/schema.org","@graph":[{"@type":"Article","@id":"https:\/\/old.proquinat.com\/fr\/informations\/presentation-du-nouveau-siege-social-de-proquinat\/#article","isPartOf":{"@id":"https:\/\/old.proquinat.com\/fr\/informations\/presentation-du-nouveau-siege-social-de-proquinat\/"},"author":{"name":"Proquinat","@id":"https:\/\/old.proquinat.com\/#\/schema\/person\/a4167827fc61f6e1ef059624262f2568"},"headline":"Pr\u00e9sentation du Nouveau si\u00e8ge social de Proquinat","datePublished":"2023-02-12T10:01:00+00:00","dateModified":"2023-02-23T10:03:59+00:00","mainEntityOfPage":{"@id":"https:\/\/old.proquinat.com\/fr\/informations\/presentation-du-nouveau-siege-social-de-proquinat\/"},"wordCount":109,"commentCount":0,"publisher":{"@id":"https:\/\/old.proquinat.com\/#organization"},"image":{"@id":"https:\/\/old.proquinat.com\/fr\/informations\/presentation-du-nouveau-siege-social-de-proquinat\/#primaryimage"},"thumbnailUrl":"https:\/\/old.proquinat.com\/wp-content\/uploads\/2023\/02\/Entrada-Fabrica-Proquinat-Orrius-exterior-scaled.jpg","articleSection":["Informations"],"inLanguage":"fr-FR","potentialAction":[{"@type":"CommentAction","name":"Comment","target":["https:\/\/old.proquinat.com\/fr\/informations\/presentation-du-nouveau-siege-social-de-proquinat\/#respond"]}]},{"@type":"WebPage","@id":"https:\/\/old.proquinat.com\/fr\/informations\/presentation-du-nouveau-siege-social-de-proquinat\/","url":"https:\/\/old.proquinat.com\/fr\/informations\/presentation-du-nouveau-siege-social-de-proquinat\/","name":"Proquinat Pr\u00e9sente son Nouveau Si\u00e8ge Social Moderne","isPartOf":{"@id":"https:\/\/old.proquinat.com\/#website"},"primaryImageOfPage":{"@id":"https:\/\/old.proquinat.com\/fr\/informations\/presentation-du-nouveau-siege-social-de-proquinat\/#primaryimage"},"image":{"@id":"https:\/\/old.proquinat.com\/fr\/informations\/presentation-du-nouveau-siege-social-de-proquinat\/#primaryimage"},"thumbnailUrl":"https:\/\/old.proquinat.com\/wp-content\/uploads\/2023\/02\/Entrada-Fabrica-Proquinat-Orrius-exterior-scaled.jpg","datePublished":"2023-02-12T10:01:00+00:00","dateModified":"2023-02-23T10:03:59+00:00","description":"Proquinat augmente sa capacit\u00e9 avec un nouveau si\u00e8ge de 4 200 m\u00b2 \u00e0 \u00d2rrius (Barcelone).","breadcrumb":{"@id":"https:\/\/old.proquinat.com\/fr\/informations\/presentation-du-nouveau-siege-social-de-proquinat\/#breadcrumb"},"inLanguage":"fr-FR","potentialAction":[{"@type":"ReadAction","target":["https:\/\/old.proquinat.com\/fr\/informations\/presentation-du-nouveau-siege-social-de-proquinat\/"]}]},{"@type":"ImageObject","inLanguage":"fr-FR","@id":"https:\/\/old.proquinat.com\/fr\/informations\/presentation-du-nouveau-siege-social-de-proquinat\/#primaryimage","url":"https:\/\/old.proquinat.com\/wp-content\/uploads\/2023\/02\/Entrada-Fabrica-Proquinat-Orrius-exterior-scaled.jpg","contentUrl":"https:\/\/old.proquinat.com\/wp-content\/uploads\/2023\/02\/Entrada-Fabrica-Proquinat-Orrius-exterior-scaled.jpg","width":2560,"height":2355},{"@type":"BreadcrumbList","@id":"https:\/\/old.proquinat.com\/fr\/informations\/presentation-du-nouveau-siege-social-de-proquinat\/#breadcrumb","itemListElement":[{"@type":"ListItem","position":1,"name":"Portada","item":"https:\/\/old.proquinat.com\/fr\/"},{"@type":"ListItem","position":2,"name":"Pr\u00e9sentation du Nouveau si\u00e8ge social de Proquinat"}]},{"@type":"WebSite","@id":"https:\/\/old.proquinat.com\/#website","url":"https:\/\/old.proquinat.com\/","name":"Proquinat","description":"Distribuidor de productes quimics naturals, fabricante de toda clase de ceras y parafinas","publisher":{"@id":"https:\/\/old.proquinat.com\/#organization"},"potentialAction":[{"@type":"SearchAction","target":{"@type":"EntryPoint","urlTemplate":"https:\/\/old.proquinat.com\/?s={search_term_string}"},"query-input":{"@type":"PropertyValueSpecification","valueRequired":true,"valueName":"search_term_string"}}],"inLanguage":"fr-FR"},{"@type":"Organization","@id":"https:\/\/old.proquinat.com\/#organization","name":"Productes Qu\u00edmics Naturals SL","alternateName":"Proquinat","url":"https:\/\/old.proquinat.com\/","logo":{"@type":"ImageObject","inLanguage":"fr-FR","@id":"https:\/\/old.proquinat.com\/#\/schema\/logo\/image\/","url":"https:\/\/old.proquinat.com\/wp-content\/uploads\/2020\/07\/logo-proquinat-2.png","contentUrl":"https:\/\/old.proquinat.com\/wp-content\/uploads\/2020\/07\/logo-proquinat-2.png","width":408,"height":68,"caption":"Productes Qu\u00edmics Naturals SL"},"image":{"@id":"https:\/\/old.proquinat.com\/#\/schema\/logo\/image\/"}},{"@type":"Person","@id":"https:\/\/old.proquinat.com\/#\/schema\/person\/a4167827fc61f6e1ef059624262f2568","name":"Proquinat","image":{"@type":"ImageObject","inLanguage":"fr-FR","@id":"https:\/\/old.proquinat.com\/#\/schema\/person\/image\/","url":"https:\/\/secure.gravatar.com\/avatar\/75bf4590e0901d76b9fa7f5768374e55a8c613a9286f7d885486ed264549c55f?s=96&d=mm&r=g","contentUrl":"https:\/\/secure.gravatar.com\/avatar\/75bf4590e0901d76b9fa7f5768374e55a8c613a9286f7d885486ed264549c55f?s=96&d=mm&r=g","caption":"Proquinat"}}]}},"_links":{"self":[{"href":"https:\/\/old.proquinat.com\/fr\/wp-json\/wp\/v2\/posts\/2560","targetHints":{"allow":["GET"]}}],"collection":[{"href":"https:\/\/old.proquinat.com\/fr\/wp-json\/wp\/v2\/posts"}],"about":[{"href":"https:\/\/old.proquinat.com\/fr\/wp-json\/wp\/v2\/types\/post"}],"author":[{"embeddable":true,"href":"https:\/\/old.proquinat.com\/fr\/wp-json\/wp\/v2\/users\/2"}],"replies":[{"embeddable":true,"href":"https:\/\/old.proquinat.com\/fr\/wp-json\/wp\/v2\/comments?post=2560"}],"version-history":[{"count":4,"href":"https:\/\/old.proquinat.com\/fr\/wp-json\/wp\/v2\/posts\/2560\/revisions"}],"predecessor-version":[{"id":2567,"href":"https:\/\/old.proquinat.com\/fr\/wp-json\/wp\/v2\/posts\/2560\/revisions\/2567"}],"wp:featuredmedia":[{"embeddable":true,"href":"https:\/\/old.proquinat.com\/fr\/wp-json\/wp\/v2\/media\/2322"}],"wp:attachment":[{"href":"https:\/\/old.proquinat.com\/fr\/wp-json\/wp\/v2\/media?parent=2560"}],"wp:term":[{"taxonomy":"category","embeddable":true,"href":"https:\/\/old.proquinat.com\/fr\/wp-json\/wp\/v2\/categories?post=2560"},{"taxonomy":"post_tag","embeddable":true,"href":"https:\/\/old.proquinat.com\/fr\/wp-json\/wp\/v2\/tags?post=2560"}],"curies":[{"name":"wp","href":"https:\/\/api.w.org\/{rel}","templated":true}]}}