{"id":2563,"date":"2023-02-03T12:02:00","date_gmt":"2023-02-03T10:02:00","guid":{"rendered":"https:\/\/old.proquinat.com\/non-classifiee\/carmen-et-emilio-25-ans-de-bons-et-loyaux-services\/"},"modified":"2025-04-30T15:00:08","modified_gmt":"2025-04-30T13:00:08","slug":"carmen-et-emilio-25-ans-de-bons-et-loyaux-services","status":"publish","type":"post","link":"https:\/\/old.proquinat.com\/fr\/informations\/carmen-et-emilio-25-ans-de-bons-et-loyaux-services\/","title":{"rendered":"Carmen et Emilio : 25 ans de bons et loyaux services"},"content":{"rendered":"\t\t<div data-elementor-type=\"wp-post\" data-elementor-id=\"2563\" class=\"elementor elementor-2563\" data-elementor-post-type=\"post\">\n\t\t\t\t\t\t<section class=\"elementor-section elementor-top-section elementor-element elementor-element-2c31b1ef elementor-section-boxed elementor-section-height-default elementor-section-height-default\" data-id=\"2c31b1ef\" data-element_type=\"section\">\n\t\t\t\t\t\t<div class=\"elementor-container elementor-column-gap-default\">\n\t\t\t\t\t<div class=\"elementor-column elementor-col-50 elementor-top-column elementor-element elementor-element-1957892e\" data-id=\"1957892e\" data-element_type=\"column\">\n\t\t\t<div class=\"elementor-widget-wrap elementor-element-populated\">\n\t\t\t\t\t\t<div class=\"elementor-element elementor-element-96ef0b7 elementor-widget elementor-widget-heading\" data-id=\"96ef0b7\" data-element_type=\"widget\" data-widget_type=\"heading.default\">\n\t\t\t\t<div class=\"elementor-widget-container\">\n\t\t\t\t\t<h2 class=\"elementor-heading-title elementor-size-default\">Carmen et Emilio : 25 ans de bons et loyaux services\n\n<\/h2>\t\t\t\t<\/div>\n\t\t\t\t<\/div>\n\t\t\t\t<div class=\"elementor-element elementor-element-de91174 elementor-widget elementor-widget-text-editor\" data-id=\"de91174\" data-element_type=\"widget\" data-widget_type=\"text-editor.default\">\n\t\t\t\t<div class=\"elementor-widget-container\">\n\t\t\t\t\t\t\t\t\t<p style=\"font-weight: 400;\">Carmen Palma et Emilio Romero f\u00eatent leurs 25 ans chez Proquinat.<\/p><p style=\"font-weight: 400;\">Nous leur sommes infiniment reconnaissant pour leurs efforts et leur d\u00e9vouement envers l\u00b4entreprise et esp\u00e9rons qu\u00b4il en soit ainsi pour de nombreuses ann\u00e9es encore.<\/p><p style=\"font-weight: 400;\">F\u00e9licitations\u00a0!<\/p>\t\t\t\t\t\t\t\t<\/div>\n\t\t\t\t<\/div>\n\t\t\t\t<div class=\"elementor-element elementor-element-2ce9a5b elementor-share-buttons--view-icon elementor-share-buttons--skin-boxed elementor-share-buttons--shape-circle elementor-share-buttons--color-custom elementor-grid-0 elementor-widget elementor-widget-share-buttons\" data-id=\"2ce9a5b\" data-element_type=\"widget\" data-widget_type=\"share-buttons.default\">\n\t\t\t\t<div class=\"elementor-widget-container\">\n\t\t\t\t\t\t\t<div class=\"elementor-grid\" role=\"list\">\n\t\t\t\t\t\t\t\t<div class=\"elementor-grid-item\" role=\"listitem\">\n\t\t\t\t\t\t<div class=\"elementor-share-btn elementor-share-btn_facebook\" role=\"button\" tabindex=\"0\" aria-label=\"Partager sur facebook\">\n\t\t\t\t\t\t\t\t\t\t\t\t\t\t\t<span class=\"elementor-share-btn__icon\">\n\t\t\t\t\t\t\t\t<i class=\"fab fa-facebook\" aria-hidden=\"true\"><\/i>\t\t\t\t\t\t\t<\/span>\n\t\t\t\t\t\t\t\t\t\t\t\t\t\t\t\t\t\t\t\t<\/div>\n\t\t\t\t\t<\/div>\n\t\t\t\t\t\t\t\t\t<div class=\"elementor-grid-item\" role=\"listitem\">\n\t\t\t\t\t\t<div class=\"elementor-share-btn elementor-share-btn_twitter\" role=\"button\" tabindex=\"0\" aria-label=\"Partager sur twitter\">\n\t\t\t\t\t\t\t\t\t\t\t\t\t\t\t<span class=\"elementor-share-btn__icon\">\n\t\t\t\t\t\t\t\t<i class=\"fab fa-twitter\" aria-hidden=\"true\"><\/i>\t\t\t\t\t\t\t<\/span>\n\t\t\t\t\t\t\t\t\t\t\t\t\t\t\t\t\t\t\t\t<\/div>\n\t\t\t\t\t<\/div>\n\t\t\t\t\t\t\t\t\t<div class=\"elementor-grid-item\" role=\"listitem\">\n\t\t\t\t\t\t<div class=\"elementor-share-btn elementor-share-btn_linkedin\" role=\"button\" tabindex=\"0\" aria-label=\"Partager sur linkedin\">\n\t\t\t\t\t\t\t\t\t\t\t\t\t\t\t<span class=\"elementor-share-btn__icon\">\n\t\t\t\t\t\t\t\t<i class=\"fab fa-linkedin\" aria-hidden=\"true\"><\/i>\t\t\t\t\t\t\t<\/span>\n\t\t\t\t\t\t\t\t\t\t\t\t\t\t\t\t\t\t\t\t<\/div>\n\t\t\t\t\t<\/div>\n\t\t\t\t\t\t<\/div>\n\t\t\t\t\t\t<\/div>\n\t\t\t\t<\/div>\n\t\t\t\t\t<\/div>\n\t\t<\/div>\n\t\t\t\t<div class=\"elementor-column elementor-col-50 elementor-top-column elementor-element elementor-element-6a40de14\" data-id=\"6a40de14\" data-element_type=\"column\">\n\t\t\t<div class=\"elementor-widget-wrap elementor-element-populated\">\n\t\t\t\t\t\t<div class=\"elementor-element elementor-element-2ba18da2 elementor-widget elementor-widget-image\" data-id=\"2ba18da2\" data-element_type=\"widget\" data-widget_type=\"image.default\">\n\t\t\t\t<div class=\"elementor-widget-container\">\n\t\t\t\t\t\t\t\t\t\t\t\t\t\t\t<img fetchpriority=\"high\" decoding=\"async\" width=\"768\" height=\"930\" src=\"https:\/\/old.proquinat.com\/wp-content\/uploads\/2023\/02\/25-aniversario-laboral-Carmen-y-Emilio-1-768x930.jpg\" class=\"attachment-medium_large size-medium_large wp-image-2392\" alt=\"\" srcset=\"https:\/\/old.proquinat.com\/wp-content\/uploads\/2023\/02\/25-aniversario-laboral-Carmen-y-Emilio-1-768x930.jpg 768w, https:\/\/old.proquinat.com\/wp-content\/uploads\/2023\/02\/25-aniversario-laboral-Carmen-y-Emilio-1-248x300.jpg 248w, https:\/\/old.proquinat.com\/wp-content\/uploads\/2023\/02\/25-aniversario-laboral-Carmen-y-Emilio-1-846x1024.jpg 846w, https:\/\/old.proquinat.com\/wp-content\/uploads\/2023\/02\/25-aniversario-laboral-Carmen-y-Emilio-1-1269x1536.jpg 1269w, https:\/\/old.proquinat.com\/wp-content\/uploads\/2023\/02\/25-aniversario-laboral-Carmen-y-Emilio-1-1692x2048.jpg 1692w\" sizes=\"(max-width: 768px) 100vw, 768px\" \/>\t\t\t\t\t\t\t\t\t\t\t\t\t\t\t<\/div>\n\t\t\t\t<\/div>\n\t\t\t\t\t<\/div>\n\t\t<\/div>\n\t\t\t\t\t<\/div>\n\t\t<\/section>\n\t\t\t\t<\/div>\n\t\t","protected":false},"excerpt":{"rendered":"<p>Carmen et Emilio : 25 ans de bons et loyaux services Carmen Palma et Emilio Romero f\u00eatent leurs 25 ans chez Proquinat. Nous leur sommes infiniment reconnaissant pour leurs efforts et leur d\u00e9vouement envers l\u00b4entreprise et esp\u00e9rons qu\u00b4il en soit ainsi pour de nombreuses ann\u00e9es encore. F\u00e9licitations\u00a0!<\/p>\n","protected":false},"author":2,"featured_media":2386,"comment_status":"open","ping_status":"open","sticky":false,"template":"elementor_header_footer","format":"standard","meta":{"content-type":"","om_disable_all_campaigns":false,"_monsterinsights_skip_tracking":false,"_monsterinsights_sitenote_active":false,"_monsterinsights_sitenote_note":"","_monsterinsights_sitenote_category":0,"_uf_show_specific_survey":0,"_uf_disable_surveys":false,"footnotes":""},"categories":[35],"tags":[],"class_list":["post-2563","post","type-post","status-publish","format-standard","has-post-thumbnail","hentry","category-informations"],"yoast_head":"<!-- This site is optimized with the Yoast SEO plugin v26.1.1 - https:\/\/yoast.com\/wordpress\/plugins\/seo\/ -->\n<title>Carmen et Emilio : 25 ans chez Proquinat<\/title>\n<meta name=\"description\" content=\"Aujourd&#039;hui, c&#039;est la f\u00eate ! Carmen Palma et Emilio Romero f\u00eatent les 25 ans de Proquinat.\" \/>\n<meta name=\"robots\" content=\"noindex, follow\" \/>\n<meta property=\"og:locale\" content=\"fr_FR\" \/>\n<meta property=\"og:type\" content=\"article\" \/>\n<meta property=\"og:title\" content=\"Carmen et Emilio : 25 ans chez Proquinat\" \/>\n<meta property=\"og:description\" content=\"Aujourd&#039;hui, c&#039;est la f\u00eate ! Carmen Palma et Emilio Romero f\u00eatent les 25 ans de Proquinat.\" \/>\n<meta property=\"og:url\" content=\"https:\/\/old.proquinat.com\/fr\/informations\/carmen-et-emilio-25-ans-de-bons-et-loyaux-services\/\" \/>\n<meta property=\"og:site_name\" content=\"Proquinat\" \/>\n<meta property=\"article:published_time\" content=\"2023-02-03T10:02:00+00:00\" \/>\n<meta property=\"article:modified_time\" content=\"2025-04-30T13:00:08+00:00\" \/>\n<meta property=\"og:image\" content=\"https:\/\/old.proquinat.com\/wp-content\/uploads\/2023\/02\/25-aniversario-laboral-Carmen-y-Emilio.jpg\" \/>\n\t<meta property=\"og:image:width\" content=\"2115\" \/>\n\t<meta property=\"og:image:height\" content=\"2560\" \/>\n\t<meta property=\"og:image:type\" content=\"image\/jpeg\" \/>\n<meta name=\"author\" content=\"Proquinat\" \/>\n<meta name=\"twitter:card\" content=\"summary_large_image\" \/>\n<meta name=\"twitter:label1\" content=\"\u00c9crit par\" \/>\n\t<meta name=\"twitter:data1\" content=\"Proquinat\" \/>\n\t<meta name=\"twitter:label2\" content=\"Dur\u00e9e de lecture estim\u00e9e\" \/>\n\t<meta name=\"twitter:data2\" content=\"1 minute\" \/>\n<script type=\"application\/ld+json\" class=\"yoast-schema-graph\">{\"@context\":\"https:\/\/schema.org\",\"@graph\":[{\"@type\":\"Article\",\"@id\":\"https:\/\/old.proquinat.com\/fr\/informations\/carmen-et-emilio-25-ans-de-bons-et-loyaux-services\/#article\",\"isPartOf\":{\"@id\":\"https:\/\/old.proquinat.com\/fr\/informations\/carmen-et-emilio-25-ans-de-bons-et-loyaux-services\/\"},\"author\":{\"name\":\"Proquinat\",\"@id\":\"https:\/\/old.proquinat.com\/#\/schema\/person\/a4167827fc61f6e1ef059624262f2568\"},\"headline\":\"Carmen et Emilio : 25 ans de bons et loyaux services\",\"datePublished\":\"2023-02-03T10:02:00+00:00\",\"dateModified\":\"2025-04-30T13:00:08+00:00\",\"mainEntityOfPage\":{\"@id\":\"https:\/\/old.proquinat.com\/fr\/informations\/carmen-et-emilio-25-ans-de-bons-et-loyaux-services\/\"},\"wordCount\":60,\"commentCount\":0,\"publisher\":{\"@id\":\"https:\/\/old.proquinat.com\/#organization\"},\"image\":{\"@id\":\"https:\/\/old.proquinat.com\/fr\/informations\/carmen-et-emilio-25-ans-de-bons-et-loyaux-services\/#primaryimage\"},\"thumbnailUrl\":\"https:\/\/old.proquinat.com\/wp-content\/uploads\/2023\/02\/25-aniversario-laboral-Carmen-y-Emilio.jpg\",\"articleSection\":[\"Informations\"],\"inLanguage\":\"fr-FR\",\"potentialAction\":[{\"@type\":\"CommentAction\",\"name\":\"Comment\",\"target\":[\"https:\/\/old.proquinat.com\/fr\/informations\/carmen-et-emilio-25-ans-de-bons-et-loyaux-services\/#respond\"]}]},{\"@type\":\"WebPage\",\"@id\":\"https:\/\/old.proquinat.com\/fr\/informations\/carmen-et-emilio-25-ans-de-bons-et-loyaux-services\/\",\"url\":\"https:\/\/old.proquinat.com\/fr\/informations\/carmen-et-emilio-25-ans-de-bons-et-loyaux-services\/\",\"name\":\"Carmen et Emilio : 25 ans chez Proquinat\",\"isPartOf\":{\"@id\":\"https:\/\/old.proquinat.com\/#website\"},\"primaryImageOfPage\":{\"@id\":\"https:\/\/old.proquinat.com\/fr\/informations\/carmen-et-emilio-25-ans-de-bons-et-loyaux-services\/#primaryimage\"},\"image\":{\"@id\":\"https:\/\/old.proquinat.com\/fr\/informations\/carmen-et-emilio-25-ans-de-bons-et-loyaux-services\/#primaryimage\"},\"thumbnailUrl\":\"https:\/\/old.proquinat.com\/wp-content\/uploads\/2023\/02\/25-aniversario-laboral-Carmen-y-Emilio.jpg\",\"datePublished\":\"2023-02-03T10:02:00+00:00\",\"dateModified\":\"2025-04-30T13:00:08+00:00\",\"description\":\"Aujourd'hui, c'est la f\u00eate ! Carmen Palma et Emilio Romero f\u00eatent les 25 ans de Proquinat.\",\"breadcrumb\":{\"@id\":\"https:\/\/old.proquinat.com\/fr\/informations\/carmen-et-emilio-25-ans-de-bons-et-loyaux-services\/#breadcrumb\"},\"inLanguage\":\"fr-FR\",\"potentialAction\":[{\"@type\":\"ReadAction\",\"target\":[\"https:\/\/old.proquinat.com\/fr\/informations\/carmen-et-emilio-25-ans-de-bons-et-loyaux-services\/\"]}]},{\"@type\":\"ImageObject\",\"inLanguage\":\"fr-FR\",\"@id\":\"https:\/\/old.proquinat.com\/fr\/informations\/carmen-et-emilio-25-ans-de-bons-et-loyaux-services\/#primaryimage\",\"url\":\"https:\/\/old.proquinat.com\/wp-content\/uploads\/2023\/02\/25-aniversario-laboral-Carmen-y-Emilio.jpg\",\"contentUrl\":\"https:\/\/old.proquinat.com\/wp-content\/uploads\/2023\/02\/25-aniversario-laboral-Carmen-y-Emilio.jpg\",\"width\":2115,\"height\":2560},{\"@type\":\"BreadcrumbList\",\"@id\":\"https:\/\/old.proquinat.com\/fr\/informations\/carmen-et-emilio-25-ans-de-bons-et-loyaux-services\/#breadcrumb\",\"itemListElement\":[{\"@type\":\"ListItem\",\"position\":1,\"name\":\"Portada\",\"item\":\"https:\/\/old.proquinat.com\/fr\/\"},{\"@type\":\"ListItem\",\"position\":2,\"name\":\"Carmen et Emilio : 25 ans de bons et loyaux services\"}]},{\"@type\":\"WebSite\",\"@id\":\"https:\/\/old.proquinat.com\/#website\",\"url\":\"https:\/\/old.proquinat.com\/\",\"name\":\"Proquinat\",\"description\":\"Distribuidor de productes quimics naturals, fabricante de toda clase de ceras y parafinas\",\"publisher\":{\"@id\":\"https:\/\/old.proquinat.com\/#organization\"},\"potentialAction\":[{\"@type\":\"SearchAction\",\"target\":{\"@type\":\"EntryPoint\",\"urlTemplate\":\"https:\/\/old.proquinat.com\/?s={search_term_string}\"},\"query-input\":{\"@type\":\"PropertyValueSpecification\",\"valueRequired\":true,\"valueName\":\"search_term_string\"}}],\"inLanguage\":\"fr-FR\"},{\"@type\":\"Organization\",\"@id\":\"https:\/\/old.proquinat.com\/#organization\",\"name\":\"Productes Qu\u00edmics Naturals SL\",\"alternateName\":\"Proquinat\",\"url\":\"https:\/\/old.proquinat.com\/\",\"logo\":{\"@type\":\"ImageObject\",\"inLanguage\":\"fr-FR\",\"@id\":\"https:\/\/old.proquinat.com\/#\/schema\/logo\/image\/\",\"url\":\"https:\/\/old.proquinat.com\/wp-content\/uploads\/2020\/07\/logo-proquinat-2.png\",\"contentUrl\":\"https:\/\/old.proquinat.com\/wp-content\/uploads\/2020\/07\/logo-proquinat-2.png\",\"width\":408,\"height\":68,\"caption\":\"Productes Qu\u00edmics Naturals SL\"},\"image\":{\"@id\":\"https:\/\/old.proquinat.com\/#\/schema\/logo\/image\/\"}},{\"@type\":\"Person\",\"@id\":\"https:\/\/old.proquinat.com\/#\/schema\/person\/a4167827fc61f6e1ef059624262f2568\",\"name\":\"Proquinat\",\"image\":{\"@type\":\"ImageObject\",\"inLanguage\":\"fr-FR\",\"@id\":\"https:\/\/old.proquinat.com\/#\/schema\/person\/image\/\",\"url\":\"https:\/\/secure.gravatar.com\/avatar\/75bf4590e0901d76b9fa7f5768374e55a8c613a9286f7d885486ed264549c55f?s=96&d=mm&r=g\",\"contentUrl\":\"https:\/\/secure.gravatar.com\/avatar\/75bf4590e0901d76b9fa7f5768374e55a8c613a9286f7d885486ed264549c55f?s=96&d=mm&r=g\",\"caption\":\"Proquinat\"}}]}<\/script>\n<!-- \/ Yoast SEO plugin. -->","yoast_head_json":{"title":"Carmen et Emilio : 25 ans chez Proquinat","description":"Aujourd'hui, c'est la f\u00eate ! Carmen Palma et Emilio Romero f\u00eatent les 25 ans de Proquinat.","robots":{"index":"noindex","follow":"follow"},"og_locale":"fr_FR","og_type":"article","og_title":"Carmen et Emilio : 25 ans chez Proquinat","og_description":"Aujourd'hui, c'est la f\u00eate ! Carmen Palma et Emilio Romero f\u00eatent les 25 ans de Proquinat.","og_url":"https:\/\/old.proquinat.com\/fr\/informations\/carmen-et-emilio-25-ans-de-bons-et-loyaux-services\/","og_site_name":"Proquinat","article_published_time":"2023-02-03T10:02:00+00:00","article_modified_time":"2025-04-30T13:00:08+00:00","og_image":[{"width":2115,"height":2560,"url":"https:\/\/old.proquinat.com\/wp-content\/uploads\/2023\/02\/25-aniversario-laboral-Carmen-y-Emilio.jpg","type":"image\/jpeg"}],"author":"Proquinat","twitter_card":"summary_large_image","twitter_misc":{"\u00c9crit par":"Proquinat","Dur\u00e9e de lecture estim\u00e9e":"1 minute"},"schema":{"@context":"https:\/\/schema.org","@graph":[{"@type":"Article","@id":"https:\/\/old.proquinat.com\/fr\/informations\/carmen-et-emilio-25-ans-de-bons-et-loyaux-services\/#article","isPartOf":{"@id":"https:\/\/old.proquinat.com\/fr\/informations\/carmen-et-emilio-25-ans-de-bons-et-loyaux-services\/"},"author":{"name":"Proquinat","@id":"https:\/\/old.proquinat.com\/#\/schema\/person\/a4167827fc61f6e1ef059624262f2568"},"headline":"Carmen et Emilio : 25 ans de bons et loyaux services","datePublished":"2023-02-03T10:02:00+00:00","dateModified":"2025-04-30T13:00:08+00:00","mainEntityOfPage":{"@id":"https:\/\/old.proquinat.com\/fr\/informations\/carmen-et-emilio-25-ans-de-bons-et-loyaux-services\/"},"wordCount":60,"commentCount":0,"publisher":{"@id":"https:\/\/old.proquinat.com\/#organization"},"image":{"@id":"https:\/\/old.proquinat.com\/fr\/informations\/carmen-et-emilio-25-ans-de-bons-et-loyaux-services\/#primaryimage"},"thumbnailUrl":"https:\/\/old.proquinat.com\/wp-content\/uploads\/2023\/02\/25-aniversario-laboral-Carmen-y-Emilio.jpg","articleSection":["Informations"],"inLanguage":"fr-FR","potentialAction":[{"@type":"CommentAction","name":"Comment","target":["https:\/\/old.proquinat.com\/fr\/informations\/carmen-et-emilio-25-ans-de-bons-et-loyaux-services\/#respond"]}]},{"@type":"WebPage","@id":"https:\/\/old.proquinat.com\/fr\/informations\/carmen-et-emilio-25-ans-de-bons-et-loyaux-services\/","url":"https:\/\/old.proquinat.com\/fr\/informations\/carmen-et-emilio-25-ans-de-bons-et-loyaux-services\/","name":"Carmen et Emilio : 25 ans chez Proquinat","isPartOf":{"@id":"https:\/\/old.proquinat.com\/#website"},"primaryImageOfPage":{"@id":"https:\/\/old.proquinat.com\/fr\/informations\/carmen-et-emilio-25-ans-de-bons-et-loyaux-services\/#primaryimage"},"image":{"@id":"https:\/\/old.proquinat.com\/fr\/informations\/carmen-et-emilio-25-ans-de-bons-et-loyaux-services\/#primaryimage"},"thumbnailUrl":"https:\/\/old.proquinat.com\/wp-content\/uploads\/2023\/02\/25-aniversario-laboral-Carmen-y-Emilio.jpg","datePublished":"2023-02-03T10:02:00+00:00","dateModified":"2025-04-30T13:00:08+00:00","description":"Aujourd'hui, c'est la f\u00eate ! Carmen Palma et Emilio Romero f\u00eatent les 25 ans de Proquinat.","breadcrumb":{"@id":"https:\/\/old.proquinat.com\/fr\/informations\/carmen-et-emilio-25-ans-de-bons-et-loyaux-services\/#breadcrumb"},"inLanguage":"fr-FR","potentialAction":[{"@type":"ReadAction","target":["https:\/\/old.proquinat.com\/fr\/informations\/carmen-et-emilio-25-ans-de-bons-et-loyaux-services\/"]}]},{"@type":"ImageObject","inLanguage":"fr-FR","@id":"https:\/\/old.proquinat.com\/fr\/informations\/carmen-et-emilio-25-ans-de-bons-et-loyaux-services\/#primaryimage","url":"https:\/\/old.proquinat.com\/wp-content\/uploads\/2023\/02\/25-aniversario-laboral-Carmen-y-Emilio.jpg","contentUrl":"https:\/\/old.proquinat.com\/wp-content\/uploads\/2023\/02\/25-aniversario-laboral-Carmen-y-Emilio.jpg","width":2115,"height":2560},{"@type":"BreadcrumbList","@id":"https:\/\/old.proquinat.com\/fr\/informations\/carmen-et-emilio-25-ans-de-bons-et-loyaux-services\/#breadcrumb","itemListElement":[{"@type":"ListItem","position":1,"name":"Portada","item":"https:\/\/old.proquinat.com\/fr\/"},{"@type":"ListItem","position":2,"name":"Carmen et Emilio : 25 ans de bons et loyaux services"}]},{"@type":"WebSite","@id":"https:\/\/old.proquinat.com\/#website","url":"https:\/\/old.proquinat.com\/","name":"Proquinat","description":"Distribuidor de productes quimics naturals, fabricante de toda clase de ceras y parafinas","publisher":{"@id":"https:\/\/old.proquinat.com\/#organization"},"potentialAction":[{"@type":"SearchAction","target":{"@type":"EntryPoint","urlTemplate":"https:\/\/old.proquinat.com\/?s={search_term_string}"},"query-input":{"@type":"PropertyValueSpecification","valueRequired":true,"valueName":"search_term_string"}}],"inLanguage":"fr-FR"},{"@type":"Organization","@id":"https:\/\/old.proquinat.com\/#organization","name":"Productes Qu\u00edmics Naturals SL","alternateName":"Proquinat","url":"https:\/\/old.proquinat.com\/","logo":{"@type":"ImageObject","inLanguage":"fr-FR","@id":"https:\/\/old.proquinat.com\/#\/schema\/logo\/image\/","url":"https:\/\/old.proquinat.com\/wp-content\/uploads\/2020\/07\/logo-proquinat-2.png","contentUrl":"https:\/\/old.proquinat.com\/wp-content\/uploads\/2020\/07\/logo-proquinat-2.png","width":408,"height":68,"caption":"Productes Qu\u00edmics Naturals SL"},"image":{"@id":"https:\/\/old.proquinat.com\/#\/schema\/logo\/image\/"}},{"@type":"Person","@id":"https:\/\/old.proquinat.com\/#\/schema\/person\/a4167827fc61f6e1ef059624262f2568","name":"Proquinat","image":{"@type":"ImageObject","inLanguage":"fr-FR","@id":"https:\/\/old.proquinat.com\/#\/schema\/person\/image\/","url":"https:\/\/secure.gravatar.com\/avatar\/75bf4590e0901d76b9fa7f5768374e55a8c613a9286f7d885486ed264549c55f?s=96&d=mm&r=g","contentUrl":"https:\/\/secure.gravatar.com\/avatar\/75bf4590e0901d76b9fa7f5768374e55a8c613a9286f7d885486ed264549c55f?s=96&d=mm&r=g","caption":"Proquinat"}}]}},"_links":{"self":[{"href":"https:\/\/old.proquinat.com\/fr\/wp-json\/wp\/v2\/posts\/2563","targetHints":{"allow":["GET"]}}],"collection":[{"href":"https:\/\/old.proquinat.com\/fr\/wp-json\/wp\/v2\/posts"}],"about":[{"href":"https:\/\/old.proquinat.com\/fr\/wp-json\/wp\/v2\/types\/post"}],"author":[{"embeddable":true,"href":"https:\/\/old.proquinat.com\/fr\/wp-json\/wp\/v2\/users\/2"}],"replies":[{"embeddable":true,"href":"https:\/\/old.proquinat.com\/fr\/wp-json\/wp\/v2\/comments?post=2563"}],"version-history":[{"count":4,"href":"https:\/\/old.proquinat.com\/fr\/wp-json\/wp\/v2\/posts\/2563\/revisions"}],"predecessor-version":[{"id":2575,"href":"https:\/\/old.proquinat.com\/fr\/wp-json\/wp\/v2\/posts\/2563\/revisions\/2575"}],"wp:featuredmedia":[{"embeddable":true,"href":"https:\/\/old.proquinat.com\/fr\/wp-json\/wp\/v2\/media\/2386"}],"wp:attachment":[{"href":"https:\/\/old.proquinat.com\/fr\/wp-json\/wp\/v2\/media?parent=2563"}],"wp:term":[{"taxonomy":"category","embeddable":true,"href":"https:\/\/old.proquinat.com\/fr\/wp-json\/wp\/v2\/categories?post=2563"},{"taxonomy":"post_tag","embeddable":true,"href":"https:\/\/old.proquinat.com\/fr\/wp-json\/wp\/v2\/tags?post=2563"}],"curies":[{"name":"wp","href":"https:\/\/api.w.org\/{rel}","templated":true}]}}